{"id":28542,"date":"2025-05-23T10:58:41","date_gmt":"2025-05-23T08:58:41","guid":{"rendered":"https:\/\/hcbhospitales.com\/?p=28542"},"modified":"2025-05-23T10:58:41","modified_gmt":"2025-05-23T08:58:41","slug":"melanoma-que-es-como-identificarlo-y-principales-factores-de-riesgo","status":"publish","type":"post","link":"https:\/\/hcbhospitales.com\/ru\/blog\/melanoma-que-es-como-identificarlo-y-principales-factores-de-riesgo\/","title":{"rendered":"Melanoma: qu\u00e9 es, c\u00f3mo identificarlo y principales factores de riesgo"},"content":{"rendered":"<p><span style=\"font-weight: 400;\">Con motivo del<\/span><b> D\u00eda Mundial del Melanom<\/b><span style=\"font-weight: 400;\"><strong>a<\/strong>, una fecha dedicada a concienciar sobre la prevenci\u00f3n y la detecci\u00f3n temprana de este agresivo c\u00e1ncer de piel, entrevistamos a la <\/span><b>Dra. Ana Elisabeth L\u00f3pez Sundh<\/b><span style=\"font-weight: 400;\">, dermat\u00f3loga de <\/span><b>HCB Hospitales<\/b><span style=\"font-weight: 400;\">, para conocer de primera mano en qu\u00e9 consiste el melanoma, cu\u00e1les son sus factores de riesgo y c\u00f3mo podemos protegernos. A trav\u00e9s de sus respuestas, obtendremos informaci\u00f3n clave acerca de las mejores pr\u00e1cticas de prevenci\u00f3n primaria y secundaria, as\u00ed como una gu\u00eda pr\u00e1ctica, basada en la regla ABCDE, para identificar cualquier signo de alarma.<\/span><\/p>\n<p><span style=\"font-weight: 400;\">\u00a0<\/span><\/p>\n<h3><b>P. \u00bfQu\u00e9 es un melanoma?<\/b><\/h3>\n<p><span style=\"font-weight: 400;\">El melanoma es un tipo de c\u00e1ncer de piel que surge de los melanocitos. Los melanocitos son unas c\u00e9lulas que est\u00e1n en la capa m\u00e1s externa de la piel y una de sus funciones es sintetizar melanina, que es el principal pigmento de la piel que nos confiere el color caracter\u00edstico y hace que nos bronceemos en verano.\u201d<\/span><\/p>\n<p><span style=\"font-weight: 400;\">\u00a0<\/span><\/p>\n<h3><b>P. \u00bfEn qu\u00e9 se diferencia el melanoma de otros c\u00e1nceres de piel?<\/b><\/h3>\n<p><span style=\"font-weight: 400;\">El melanoma no es el \u00fanico ni el m\u00e1s frecuente de los c\u00e1nceres de piel \u2014los carcinomas basocelular o espinocelular son m\u00e1s comunes\u2014 pero s\u00ed es uno de los m\u00e1s temidos porque tiene una mayor facilidad para producir met\u00e1stasis, es decir, enfermedad a distancia, y poner en peligro la vida del paciente.<\/span><\/p>\n<p><span style=\"font-weight: 400;\">\u00a0<\/span><\/p>\n<h3><b>P. \u00bfCu\u00e1les son los principales factores de riesgo para desarrollar un melanoma?<\/b><\/h3>\n<p><span style=\"font-weight: 400;\">El principal factor de riesgo es la exposici\u00f3n a la radiaci\u00f3n ultravioleta y los h\u00e1bitos de exposici\u00f3n: el uso de camas de bronceado, las quemaduras solares, la exposici\u00f3n solar excesiva y cr\u00f3nica\u2026 Tambi\u00e9n hay otros factores de susceptibilidad individual, como factores gen\u00e9ticos o el tipo de piel. Por ejemplo, las personas con piel clara y ojos azules o verdes, tienen un riesgo incrementado. Tambi\u00e9n se ha descrito la presencia de muchos lunares o lunares at\u00edpicos como factores de riesgo, as\u00ed como los antecedentes personales o familiares.\u00a0<\/span><\/p>\n<p><span style=\"font-weight: 400;\">\u00a0<\/span><\/p>\n<h3><b>P. En prevenci\u00f3n, \u00bfqu\u00e9 diferencias hay entre prevenci\u00f3n primaria y secundaria del melanoma?<\/b><\/h3>\n<p><span style=\"font-weight: 400;\">La prevenci\u00f3n primaria trata de evitar la aparici\u00f3n del melanoma, enfoc\u00e1ndose en reducir la exposici\u00f3n a los factores de riesgo: protecci\u00f3n solar, evitar camas de bronceado, uso de fotoprotectores, etc. La prevenci\u00f3n secundaria es la detecci\u00f3n precoz del melanoma en estadios iniciales para evitar que la enfermedad progrese. No disponemos de un programa de cribado poblacional de c\u00e1ncer de piel, dado que esto no ser\u00eda coste-efectivo. Se recomienda hacer seguimiento en pacientes con factores de riesgo, como los descritos anteiormente, y tambi\u00e9n informar a la poblaci\u00f3n general de los signos de alarma para la detecci\u00f3n precoz de lesiones sospechosas. Para esto se ha propuesto la regla ABCDE.\u00a0<\/span><\/p>\n<p><span style=\"font-weight: 400;\">\u00a0<\/span><\/p>\n<h3><b>P. \u00bfPodr\u00edas explicarnos en qu\u00e9 consiste la regla del ABCDE?<\/b><\/h3>\n<p><span style=\"font-weight: 400;\">Cada letra hace referencia a una caracter\u00edstica de la lesi\u00f3n que puede alertarnos:<\/span><\/p>\n<ul>\n<li style=\"font-weight: 400;\" aria-level=\"1\"><b>A (Asimetr\u00eda):<\/b><span style=\"font-weight: 400;\"> una lesi\u00f3n asim\u00e9trica en su forma o distribuci\u00f3n del pigmento es signo de alarma.<\/span><\/li>\n<li style=\"font-weight: 400;\" aria-level=\"1\"><b>B (Bordes):<\/b><span style=\"font-weight: 400;\"> los lunares benignos suelen tener bordes suaves y redondeados; bordes abruptos, con indentaciones o proyecciones, despiertan sospecha.<\/span><\/li>\n<li style=\"font-weight: 400;\" aria-level=\"1\"><b>C (Color):<\/b><span style=\"font-weight: 400;\"> un lunar benigno presenta un solo tono de marr\u00f3n; si hay m\u00e1s de dos tonos o colores distintos (negro, rojo, rosa, gris) distribuidos de forma heterog\u00e9nea, puede ser maligno.<\/span><\/li>\n<li style=\"font-weight: 400;\" aria-level=\"1\"><b>D (Di\u00e1metro):<\/b><span style=\"font-weight: 400;\"> se considera l\u00edmite razonable 6 mm; lesiones mayores, sobre todo en adultos, requieren observaci\u00f3n.<\/span><\/li>\n<li style=\"font-weight: 400;\" aria-level=\"1\"><b>E (Evoluci\u00f3n):<\/b><span style=\"font-weight: 400;\"> los lunares benignos se estabilizan r\u00e1pido; cualquier cambio brusco en forma, color o tama\u00f1o a lo largo del tiempo es signo de alarma.<\/span><\/li>\n<\/ul>\n<p><span style=\"font-weight: 400;\">\u00a0<\/span><\/p>\n<h3><b>P. \u00bfEn qu\u00e9 casos deber\u00eda alguien acudir al especialista?<\/b><\/h3>\n<p><span style=\"font-weight: 400;\">Cuando una persona detecta una lesi\u00f3n con alguna de las caracter\u00edsticas del ABCDE, o una lesi\u00f3n que presenta picor persistente, debe solicitar valoraci\u00f3n por un especialista. Adem\u00e1s, personas con antecedentes familiares de melanoma, muchos lunares o lunares at\u00edpicos deber\u00edan hacerse revisiones peri\u00f3dicas para detectar precozmente cualquier alteraci\u00f3n.<\/span><\/p>\n","protected":false},"excerpt":{"rendered":"<p>Con motivo del D\u00eda Mundial del Melanoma, una fecha dedicada a concienciar sobre la prevenci\u00f3n y la detecci\u00f3n temprana de este agresivo c\u00e1ncer de piel, entrevistamos a la Dra. Ana Elisabeth L\u00f3pez Sundh, dermat\u00f3loga de HCB Hospitales, para conocer de primera mano en qu\u00e9 consiste el melanoma, cu\u00e1les son sus factores de riesgo y c\u00f3mo [&hellip;]<\/p>\n","protected":false},"author":6,"featured_media":28544,"comment_status":"closed","ping_status":"closed","sticky":false,"template":"","format":"standard","meta":{"_acf_changed":false,"footnotes":""},"categories":[57],"tags":[607,608,66,144],"class_list":["post-28542","post","type-post","status-publish","format-standard","has-post-thumbnail","hentry","category-blog","tag-dia-mundial-del-melanoma","tag-dra-ana-elisabeth-lopez-sundh","tag-hcb-hospitales","tag-melanoma"],"acf":[],"_links":{"self":[{"href":"https:\/\/hcbhospitales.com\/ru\/wp-json\/wp\/v2\/posts\/28542","targetHints":{"allow":["GET"]}}],"collection":[{"href":"https:\/\/hcbhospitales.com\/ru\/wp-json\/wp\/v2\/posts"}],"about":[{"href":"https:\/\/hcbhospitales.com\/ru\/wp-json\/wp\/v2\/types\/post"}],"author":[{"embeddable":true,"href":"https:\/\/hcbhospitales.com\/ru\/wp-json\/wp\/v2\/users\/6"}],"replies":[{"embeddable":true,"href":"https:\/\/hcbhospitales.com\/ru\/wp-json\/wp\/v2\/comments?post=28542"}],"version-history":[{"count":0,"href":"https:\/\/hcbhospitales.com\/ru\/wp-json\/wp\/v2\/posts\/28542\/revisions"}],"wp:featuredmedia":[{"embeddable":true,"href":"https:\/\/hcbhospitales.com\/ru\/wp-json\/wp\/v2\/media\/28544"}],"wp:attachment":[{"href":"https:\/\/hcbhospitales.com\/ru\/wp-json\/wp\/v2\/media?parent=28542"}],"wp:term":[{"taxonomy":"category","embeddable":true,"href":"https:\/\/hcbhospitales.com\/ru\/wp-json\/wp\/v2\/categories?post=28542"},{"taxonomy":"post_tag","embeddable":true,"href":"https:\/\/hcbhospitales.com\/ru\/wp-json\/wp\/v2\/tags?post=28542"}],"curies":[{"name":"wp","href":"https:\/\/api.w.org\/{rel}","templated":true}]}}