{"id":28184,"date":"2025-03-26T12:02:55","date_gmt":"2025-03-26T11:02:55","guid":{"rendered":"https:\/\/hcbhospitales.com\/?p=28184"},"modified":"2025-03-26T12:03:10","modified_gmt":"2025-03-26T11:03:10","slug":"alergia-al-polen-causas-y-consejos-para-minimizar-los-sintomas","status":"publish","type":"post","link":"https:\/\/hcbhospitales.com\/ru\/blog\/alergia-al-polen-causas-y-consejos-para-minimizar-los-sintomas\/","title":{"rendered":"Alergia al polen: causas y consejos para minimizar los s\u00edntomas"},"content":{"rendered":"<p><span style=\"font-weight: 400;\">Con la llegada de la primavera y el aumento de las temperaturas, muchas personas comienzan a sufrir los molestos efectos de la polinosis, m\u00e1s conocida como <strong>alergia al polen<\/strong>. Se trata de una reacci\u00f3n al\u00e9rgica que afecta a millones de personas en todo el mundo y que est\u00e1 directamente relacionada con la polinizaci\u00f3n de determinadas especies de plantas y \u00e1rboles.<\/span><\/p>\n<p><span style=\"font-weight: 400;\">En este art\u00edculo te explicamos en qu\u00e9 consiste esta afecci\u00f3n, cu\u00e1les son sus principales causas y qu\u00e9 medidas puedes tomar para sobrellevarla de manera m\u00e1s efectiva.<\/span><\/p>\n<p>&nbsp;<\/p>\n<h2><b>\u00bfQu\u00e9 es la polinosis?<\/b><\/h2>\n<p><span style=\"font-weight: 400;\">Tambi\u00e9n conocida como <\/span><i><span style=\"font-weight: 400;\">fiebre del heno<\/span><\/i><span style=\"font-weight: 400;\">, la polinosis es una enfermedad al\u00e9rgica provocada por la inhalaci\u00f3n de polen procedente de flores, \u00e1rboles, hierbas y gram\u00edneas. Cuando una persona al\u00e9rgica entra en contacto con estas part\u00edculas, su sistema inmunol\u00f3gico reacciona de forma exagerada, generando una serie de s\u00edntomas molestos:<\/span><\/p>\n<ul>\n<li style=\"font-weight: 400;\" aria-level=\"1\"><span style=\"font-weight: 400;\">Estornudos frecuentes<\/span>&nbsp;<\/li>\n<li style=\"font-weight: 400;\" aria-level=\"1\"><span style=\"font-weight: 400;\">Congesti\u00f3n y secreci\u00f3n nasal<\/span>&nbsp;<\/li>\n<li style=\"font-weight: 400;\" aria-level=\"1\"><span style=\"font-weight: 400;\">Picor en nariz, ojos y garganta<\/span>&nbsp;<\/li>\n<li style=\"font-weight: 400;\" aria-level=\"1\"><span style=\"font-weight: 400;\">Lagrimeo constante<\/span>&nbsp;<\/li>\n<li style=\"font-weight: 400;\" aria-level=\"1\"><span style=\"font-weight: 400;\">Sensaci\u00f3n de ahogo, pitidos en el pecho y tos seca (s\u00edntomas de asma que pueden aparecer o empeorar en personas asm\u00e1ticas)<\/span>&nbsp;<\/li>\n<\/ul>\n<p><span style=\"font-weight: 400;\">Esta alergia suele ser estacional y aparece principalmente durante la primavera. Su aparici\u00f3n est\u00e1 estrechamente ligada al calendario de floraci\u00f3n de las plantas, que var\u00eda seg\u00fan la regi\u00f3n geogr\u00e1fica y las condiciones clim\u00e1ticas.<\/span><\/p>\n<h2><b>Plantas m\u00e1s frecuentes que provocan polinosis<\/b><\/h2>\n<p><span style=\"font-weight: 400;\">La intensidad de los s\u00edntomas depende, entre otros factores, de la concentraci\u00f3n de polen en el aire y del tipo de planta responsable. A continuaci\u00f3n, se detallan las especies que m\u00e1s com\u00fanmente provocan reacciones al\u00e9rgicas:<\/span><\/p>\n<h3><b>Pl\u00e1tano de sombra (Platanus acerifolia)<\/b><\/h3>\n<p><span style=\"font-weight: 400;\">Muy utilizado en entornos urbanos por su resistencia y r\u00e1pido crecimiento. Libera una gran cantidad de polen entre finales de marzo y mediados de abril. Su polen, de gran tama\u00f1o y forma particular, facilita su entrada en las v\u00edas respiratorias y provoca reacciones intensas.<\/span><\/p>\n<h3><b>Gram\u00edneas<\/b><\/h3>\n<p><span style=\"font-weight: 400;\">Representan la causa m\u00e1s frecuente de polinosis en todo el mundo. Incluyen especies como el c\u00e9sped, hierbas silvestres, trigo, avena y cebada. Su polinizaci\u00f3n es prolongada (primavera y verano), y su polen, muy ligero, se dispersa f\u00e1cilmente por el viento.<\/span><\/p>\n<h3><b>Olivo (Olea europaea)<\/b><\/h3>\n<p><span style=\"font-weight: 400;\">T\u00edpico del \u00e1rea mediterr\u00e1nea, su polinizaci\u00f3n se da entre abril y junio. Debido a su amplia presencia en pa\u00edses como Espa\u00f1a, Italia y Grecia, afecta a una gran parte de la poblaci\u00f3n.<\/span><\/p>\n<h3><b>Cipr\u00e9s (Cupressus spp.)<\/b><\/h3>\n<p><span style=\"font-weight: 400;\">Su polinizaci\u00f3n puede comenzar en enero y extenderse hasta marzo. Es m\u00e1s com\u00fan en zonas con climas suaves y ha aumentado su incidencia en los \u00faltimos a\u00f1os.<\/span><\/p>\n<h3><b>Salsola<\/b><\/h3>\n<p><span style=\"font-weight: 400;\">Planta t\u00edpica de zonas \u00e1ridas costeras. Su polinizaci\u00f3n puede ocurrir en primavera, finales de verano y oto\u00f1o.<\/span><\/p>\n<h3><b>Parietaria<\/b><\/h3>\n<p><span style=\"font-weight: 400;\">Ubicada en zonas h\u00famedas de monte y bancales. Pertenece a la familia de las Urticaceae, y puede provocar s\u00edntomas en primavera, oto\u00f1o e incluso invierno.<\/span><\/p>\n<p>&nbsp;<\/p>\n<h2><b>Factores que influyen en la intensidad de la polinosis<\/b><\/h2>\n<p><span style=\"font-weight: 400;\">Adem\u00e1s de la especie vegetal, otros factores pueden agravar los s\u00edntomas:<\/span><\/p>\n<ul>\n<li style=\"font-weight: 400;\" aria-level=\"1\"><b>Altas concentraciones de polen:<\/b><span style=\"font-weight: 400;\"> D\u00edas soleados, secos y ventosos favorecen su dispersi\u00f3n.<\/span>&nbsp;<\/li>\n<li style=\"font-weight: 400;\" aria-level=\"1\"><b>Contaminaci\u00f3n atmosf\u00e9rica:<\/b><span style=\"font-weight: 400;\"> Potencia la acci\u00f3n alerg\u00e9nica del polen.<\/span>&nbsp;<\/li>\n<li style=\"font-weight: 400;\" aria-level=\"1\"><b>Cambio clim\u00e1tico:<\/b><span style=\"font-weight: 400;\"> Aumenta la duraci\u00f3n e intensidad de las temporadas de polinizaci\u00f3n.<\/span>&nbsp;<\/li>\n<\/ul>\n<p>&nbsp;<\/p>\n<h2><b>Consejos para reducir los s\u00edntomas de la polinosis<\/b><\/h2>\n<p><span style=\"font-weight: 400;\">Aunque no se puede evitar por completo la exposici\u00f3n al polen, existen medidas que pueden ayudarte a reducir su impacto:<\/span><\/p>\n<h3><b>Tratamiento m\u00e9dico<\/b><\/h3>\n<ul>\n<li style=\"font-weight: 400;\" aria-level=\"1\"><span style=\"font-weight: 400;\">Consulta a un alerg\u00f3logo para realizar pruebas de sensibilizaci\u00f3n.<\/span>&nbsp;<\/li>\n<li style=\"font-weight: 400;\" aria-level=\"1\"><span style=\"font-weight: 400;\">El tratamiento puede incluir antihistam\u00ednicos, corticoides nasales o inmunoterapia espec\u00edfica. Esta \u00faltima busca una soluci\u00f3n a largo plazo.<\/span>&nbsp;<\/li>\n<\/ul>\n<h3><b>Durante el d\u00eda<\/b><\/h3>\n<ul>\n<li style=\"font-weight: 400;\" aria-level=\"1\"><span style=\"font-weight: 400;\">Evita salir entre las 6:00 y las 10:00 h y al atardecer.<\/span>&nbsp;<\/li>\n<li style=\"font-weight: 400;\" aria-level=\"1\"><span style=\"font-weight: 400;\">Usa gafas de sol envolventes y mascarilla FFP2 si los niveles de polen son elevados.<\/span>&nbsp;<\/li>\n<li style=\"font-weight: 400;\" aria-level=\"1\"><span style=\"font-weight: 400;\">Conduce con las ventanillas cerradas.<\/span>&nbsp;<\/li>\n<\/ul>\n<h3><b>En casa<\/b><\/h3>\n<ul>\n<li style=\"font-weight: 400;\" aria-level=\"1\"><span style=\"font-weight: 400;\">Mant\u00e9n las ventanas cerradas durante las horas cr\u00edticas.<\/span>&nbsp;<\/li>\n<li style=\"font-weight: 400;\" aria-level=\"1\"><span style=\"font-weight: 400;\">Usa purificadores de aire.<\/span>&nbsp;<\/li>\n<li style=\"font-weight: 400;\" aria-level=\"1\"><span style=\"font-weight: 400;\">Limpia con frecuencia para evitar la acumulaci\u00f3n de polen.<\/span>&nbsp;<\/li>\n<\/ul>\n<h3><b>Higiene personal<\/b><\/h3>\n<ul>\n<li style=\"font-weight: 400;\" aria-level=\"1\"><span style=\"font-weight: 400;\">D\u00fachate al llegar a casa y cambia de ropa.<\/span>&nbsp;<\/li>\n<li style=\"font-weight: 400;\" aria-level=\"1\"><span style=\"font-weight: 400;\">Lava ojos y fosas nasales con suero fisiol\u00f3gico.<\/span>&nbsp;<\/li>\n<\/ul>\n<h2><b>Conclusi\u00f3n<\/b><\/h2>\n<p><span style=\"font-weight: 400;\">La polinosis es una afecci\u00f3n muy com\u00fan que puede afectar seriamente la calidad de vida. Informarse sobre los periodos de polinizaci\u00f3n, identificar los factores desencadenantes y aplicar medidas preventivas son claves para reducir su impacto.<\/span><\/p>\n<p><span style=\"font-weight: 400;\">La prevenci\u00f3n, el diagn\u00f3stico temprano y el tratamiento adecuado pueden hacer que las estaciones m\u00e1s problem\u00e1ticas sean mucho m\u00e1s llevaderas. Para m\u00e1s informaci\u00f3n, puedes contactar con el servicio de Alergolog\u00eda de HCB Hospitales.<\/span><\/p>\n<p>&nbsp;<\/p>\n","protected":false},"excerpt":{"rendered":"<p>Con la llegada de la primavera y el aumento de las temperaturas, muchas personas comienzan a sufrir los molestos efectos de la polinosis, m\u00e1s conocida como alergia al polen. Se trata de una reacci\u00f3n al\u00e9rgica que afecta a millones de personas en todo el mundo y que est\u00e1 directamente relacionada con la polinizaci\u00f3n de determinadas [&hellip;]<\/p>\n","protected":false},"author":6,"featured_media":28185,"comment_status":"closed","ping_status":"closed","sticky":false,"template":"","format":"standard","meta":{"_acf_changed":false,"footnotes":""},"categories":[57],"tags":[420,93,66,597,598],"class_list":["post-28184","post","type-post","status-publish","format-standard","has-post-thumbnail","hentry","category-blog","tag-alergia-al-polen","tag-alergologia","tag-hcb-hospitales","tag-polen","tag-polinosis"],"acf":[],"_links":{"self":[{"href":"https:\/\/hcbhospitales.com\/ru\/wp-json\/wp\/v2\/posts\/28184","targetHints":{"allow":["GET"]}}],"collection":[{"href":"https:\/\/hcbhospitales.com\/ru\/wp-json\/wp\/v2\/posts"}],"about":[{"href":"https:\/\/hcbhospitales.com\/ru\/wp-json\/wp\/v2\/types\/post"}],"author":[{"embeddable":true,"href":"https:\/\/hcbhospitales.com\/ru\/wp-json\/wp\/v2\/users\/6"}],"replies":[{"embeddable":true,"href":"https:\/\/hcbhospitales.com\/ru\/wp-json\/wp\/v2\/comments?post=28184"}],"version-history":[{"count":0,"href":"https:\/\/hcbhospitales.com\/ru\/wp-json\/wp\/v2\/posts\/28184\/revisions"}],"wp:featuredmedia":[{"embeddable":true,"href":"https:\/\/hcbhospitales.com\/ru\/wp-json\/wp\/v2\/media\/28185"}],"wp:attachment":[{"href":"https:\/\/hcbhospitales.com\/ru\/wp-json\/wp\/v2\/media?parent=28184"}],"wp:term":[{"taxonomy":"category","embeddable":true,"href":"https:\/\/hcbhospitales.com\/ru\/wp-json\/wp\/v2\/categories?post=28184"},{"taxonomy":"post_tag","embeddable":true,"href":"https:\/\/hcbhospitales.com\/ru\/wp-json\/wp\/v2\/tags?post=28184"}],"curies":[{"name":"wp","href":"https:\/\/api.w.org\/{rel}","templated":true}]}}