{"id":28252,"date":"2025-04-08T08:24:20","date_gmt":"2025-04-08T06:24:20","guid":{"rendered":"https:\/\/hcbhospitales.com\/?p=28252"},"modified":"2025-04-08T08:24:20","modified_gmt":"2025-04-08T06:24:20","slug":"hcb-hospitales-amplia-su-servicio-de-alergologia-con-la-incorporacion-de-la-dra-maria-catala-ortuno","status":"publish","type":"post","link":"https:\/\/hcbhospitales.com\/no\/blog\/hcb-hospitales-amplia-su-servicio-de-alergologia-con-la-incorporacion-de-la-dra-maria-catala-ortuno\/","title":{"rendered":"HCB Hospitales ampl\u00eda su servicio de Alergolog\u00eda con la incorporaci\u00f3n de la Dra. Mar\u00eda Catal\u00e1 Ortu\u00f1o"},"content":{"rendered":"<p><b>HCB Hospitales<\/b><span style=\"font-weight: 400;\"> sigue ampliando su equipo m\u00e9dico con la llegada de la <\/span><b>Dra. Mar\u00eda Catal\u00e1 Ortu\u00f1o<\/b><span style=\"font-weight: 400;\">, m\u00e9dico especialista en Alergolog\u00eda e Inmunolog\u00eda Cl\u00ednica, que atender\u00e1 a los pacientes tanto en <\/span><b>HCB D\u00e9nia como en HCB Benidorm<\/b><span style=\"font-weight: 400;\">, reforzando as\u00ed la atenci\u00f3n especializada en esta \u00e1rea en ambas localizaciones.<\/span><\/p>\n<p><span style=\"font-weight: 400;\">La Dra. Catal\u00e1 Ortu\u00f1o es licenciada en Medicina por la Universidad Europea de Madrid, con una tesis final de grado con matr\u00edcula de honor, desarrollada en colaboraci\u00f3n con el <\/span><b>Massachusetts General Hospital<\/b><span style=\"font-weight: 400;\">, centro adscrito a <\/span><b>Harvard Medical School<\/b><span style=\"font-weight: 400;\">. Adem\u00e1s, ha completado estancias formativas en centros internacionales como el <\/span><b>Beth Israel Deaconess Medical Centre<\/b><span style=\"font-weight: 400;\"> (Harvard) y la Universidad Charles de Praga.<\/span><\/p>\n<p><span style=\"font-weight: 400;\">Durante su residencia MIR en el <\/span><b>Hospital Universitario La Princesa<\/b><span style=\"font-weight: 400;\"> y el <\/span><b>Hospital Ni\u00f1o Jes\u00fas<\/b> <b>de Madrid <\/b><span style=\"font-weight: 400;\">(2020\u20132024), la Dra. Catal\u00e1 se ha especializado tanto en Alergolog\u00eda pedi\u00e1trica como en adultos. Ha trabajado con unidades de referencia en <\/span>asma grave, inmunoterapia con al\u00e9rgenos, desaf\u00edos alimentarios y farmacol\u00f3gicos, as\u00ed como en el uso de tratamientos biol\u00f3gicos. Su formaci\u00f3n incluye tambi\u00e9n rotaciones externas en inmunolog\u00eda cl\u00ednica y laboratorio de biolog\u00eda molecular aplicada a la alergolog\u00eda.<\/p>\n<p><span style=\"font-weight: 400;\">Adem\u00e1s, cuenta con una destacada actividad investigadora con <\/span>m\u00faltiples publicaciones nacionales e internacionales, incluyendo comunicaciones en la Sociedad Espa\u00f1ola de Alergolog\u00eda e Inmunolog\u00eda Cl\u00ednica (SEAIC) y la Academia Europea de Alergia e Inmunolog\u00eda Cl\u00ednica (EAACI). Ha sido premiada por la mejor presentaci\u00f3n de caso cl\u00ednico en las Sesiones Interhospitalarias de Alergolog\u00eda de Madrid y Castilla-La Mancha en 2024.<\/p>\n<p><span style=\"font-weight: 400;\">Con su incorporaci\u00f3n, HCB Hospitales avanza en la <\/span><b>atenci\u00f3n m\u00e9dica de alta calidad y personalizada<\/b><span style=\"font-weight: 400;\">, fortaleciendo su servicio de Alergolog\u00eda en la <\/span><b>Marina Alta y Marina Baixa<\/b><span style=\"font-weight: 400;\">. La Dra. Catal\u00e1 Ortu\u00f1o ofrecer\u00e1 consulta especializada tanto en <\/span><b>HCB D\u00e9nia como en HCB Benidorm<\/b><span style=\"font-weight: 400;\">, los dos centros hospitalarios m\u00e1s importantes del grupo HCB Hospitales.<\/span><\/p>\n","protected":false},"excerpt":{"rendered":"<p>HCB Hospitales sigue ampliando su equipo m\u00e9dico con la llegada de la Dra. Mar\u00eda Catal\u00e1 Ortu\u00f1o, m\u00e9dico especialista en Alergolog\u00eda e Inmunolog\u00eda Cl\u00ednica, que atender\u00e1 a los pacientes tanto en HCB D\u00e9nia como en HCB Benidorm, reforzando as\u00ed la atenci\u00f3n especializada en esta \u00e1rea en ambas localizaciones. La Dra. Catal\u00e1 Ortu\u00f1o es licenciada en Medicina [&hellip;]<\/p>\n","protected":false},"author":6,"featured_media":28255,"comment_status":"closed","ping_status":"closed","sticky":false,"template":"","format":"standard","meta":{"_acf_changed":false,"footnotes":""},"categories":[55],"tags":[93,79,67,66],"class_list":["post-28252","post","type-post","status-publish","format-standard","has-post-thumbnail","hentry","category-noticias","tag-alergologia","tag-hcb-benidorm","tag-hcb-denia","tag-hcb-hospitales"],"acf":[],"_links":{"self":[{"href":"https:\/\/hcbhospitales.com\/no\/wp-json\/wp\/v2\/posts\/28252","targetHints":{"allow":["GET"]}}],"collection":[{"href":"https:\/\/hcbhospitales.com\/no\/wp-json\/wp\/v2\/posts"}],"about":[{"href":"https:\/\/hcbhospitales.com\/no\/wp-json\/wp\/v2\/types\/post"}],"author":[{"embeddable":true,"href":"https:\/\/hcbhospitales.com\/no\/wp-json\/wp\/v2\/users\/6"}],"replies":[{"embeddable":true,"href":"https:\/\/hcbhospitales.com\/no\/wp-json\/wp\/v2\/comments?post=28252"}],"version-history":[{"count":0,"href":"https:\/\/hcbhospitales.com\/no\/wp-json\/wp\/v2\/posts\/28252\/revisions"}],"wp:featuredmedia":[{"embeddable":true,"href":"https:\/\/hcbhospitales.com\/no\/wp-json\/wp\/v2\/media\/28255"}],"wp:attachment":[{"href":"https:\/\/hcbhospitales.com\/no\/wp-json\/wp\/v2\/media?parent=28252"}],"wp:term":[{"taxonomy":"category","embeddable":true,"href":"https:\/\/hcbhospitales.com\/no\/wp-json\/wp\/v2\/categories?post=28252"},{"taxonomy":"post_tag","embeddable":true,"href":"https:\/\/hcbhospitales.com\/no\/wp-json\/wp\/v2\/tags?post=28252"}],"curies":[{"name":"wp","href":"https:\/\/api.w.org\/{rel}","templated":true}]}}