{"id":21475,"date":"2023-08-17T10:41:54","date_gmt":"2023-08-17T08:41:54","guid":{"rendered":"https:\/\/hcbhospitales.com\/?p=21475"},"modified":"2023-08-17T10:41:54","modified_gmt":"2023-08-17T08:41:54","slug":"hcb-impulsa-el-servicio-de-cirugia-oral-y-maxilofacial-con-la-incorporacion-del-dr-alejandro-agudelo-torres","status":"publish","type":"post","link":"https:\/\/hcbhospitales.com\/no\/blog\/hcb-impulsa-el-servicio-de-cirugia-oral-y-maxilofacial-con-la-incorporacion-del-dr-alejandro-agudelo-torres\/","title":{"rendered":"HCB impulsa el Servicio de Cirug\u00eda Oral y Maxilofacial con la incorporaci\u00f3n del Dr. Alejandro Agudelo Torres"},"content":{"rendered":"<p>El Servicio de Cirug\u00eda Oral y Maxilofacial del Hospital HCB D\u00e9nia se refuerza en la Marina Alta con la incorporaci\u00f3n del Dr. Alejandro Agudelo Torres, especialista en este campo y con una trayectoria profesional de m\u00e1s de 15 a\u00f1os.<\/p>\n<p>Tras una primera etapa como M\u00e9dico de Consultas y Urgencias en Colombia, en 2011 continu\u00f3 su trayectoria profesional en el Servicio de Salud de Castilla-La Mancha de Albacete como M\u00e9dico de Atenci\u00f3n Continuada. Un a\u00f1o despu\u00e9s inici\u00f3 su especializaci\u00f3n en Cirug\u00eda Oral y Maxilofacial como M\u00e9dico Interno Residente del Hospital Universitario y Polit\u00e9cnico La Fe (Valencia).<\/p>\n<p>Desde entonces, ha sumado una larga y enriquecida experiencia en centros hospitalarios de la Comunidad Valenciana como El Hospital Quir\u00f3n de Valencia, el Hospital Vithas 9 de Octubre y el Hospital Vithas Rey Don Jaime.<\/p>\n<p>Durante su trayectoria profesional, Agudelo ha realizado hasta cinco publicaciones relacionadas con el campo de la cirug\u00eda maxilofacial y ha participado en casi una treintena de congresos, seminarios y cursos.<\/p>\n<p>El Cuadro m\u00e9dico de Cirug\u00eda Maxilofacial est\u00e1 formado por el Dr. Jos\u00e9 Manuel Batll\u00e9s Sebasti\u00e1n, la Dra. Mar Gonz\u00e1lez Garc\u00eda y la Dra. Marina Morante Silva en HCB Benidorm y el Dr. Alejandro Agudelo Torres en HCB D\u00e9nia.<\/p>\n<p>&nbsp;<\/p>\n","protected":false},"excerpt":{"rendered":"<p>El Servicio de Cirug\u00eda Oral y Maxilofacial del Hospital HCB D\u00e9nia se refuerza en la Marina Alta con la incorporaci\u00f3n del Dr. Alejandro Agudelo Torres, especialista en este campo y con una trayectoria profesional de m\u00e1s de 15 a\u00f1os. Tras una primera etapa como M\u00e9dico de Consultas y Urgencias en Colombia, en 2011 continu\u00f3 su [&hellip;]<\/p>\n","protected":false},"author":2,"featured_media":21476,"comment_status":"closed","ping_status":"closed","sticky":false,"template":"","format":"standard","meta":{"_acf_changed":false,"footnotes":""},"categories":[240],"tags":[309,351,493,494],"class_list":["post-21475","post","type-post","status-publish","format-standard","has-post-thumbnail","hentry","category-nyheter","tag-cirugia-maxilofacial","tag-dr-agudelo","tag-hcb-denia-no","tag-hcb-sykehus"],"acf":[],"_links":{"self":[{"href":"https:\/\/hcbhospitales.com\/no\/wp-json\/wp\/v2\/posts\/21475","targetHints":{"allow":["GET"]}}],"collection":[{"href":"https:\/\/hcbhospitales.com\/no\/wp-json\/wp\/v2\/posts"}],"about":[{"href":"https:\/\/hcbhospitales.com\/no\/wp-json\/wp\/v2\/types\/post"}],"author":[{"embeddable":true,"href":"https:\/\/hcbhospitales.com\/no\/wp-json\/wp\/v2\/users\/2"}],"replies":[{"embeddable":true,"href":"https:\/\/hcbhospitales.com\/no\/wp-json\/wp\/v2\/comments?post=21475"}],"version-history":[{"count":0,"href":"https:\/\/hcbhospitales.com\/no\/wp-json\/wp\/v2\/posts\/21475\/revisions"}],"wp:featuredmedia":[{"embeddable":true,"href":"https:\/\/hcbhospitales.com\/no\/wp-json\/wp\/v2\/media\/21476"}],"wp:attachment":[{"href":"https:\/\/hcbhospitales.com\/no\/wp-json\/wp\/v2\/media?parent=21475"}],"wp:term":[{"taxonomy":"category","embeddable":true,"href":"https:\/\/hcbhospitales.com\/no\/wp-json\/wp\/v2\/categories?post=21475"},{"taxonomy":"post_tag","embeddable":true,"href":"https:\/\/hcbhospitales.com\/no\/wp-json\/wp\/v2\/tags?post=21475"}],"curies":[{"name":"wp","href":"https:\/\/api.w.org\/{rel}","templated":true}]}}