{"id":23482,"date":"2024-03-22T10:12:55","date_gmt":"2024-03-22T09:12:55","guid":{"rendered":"https:\/\/hcbhospitales.com\/?p=23482"},"modified":"2024-03-22T10:13:52","modified_gmt":"2024-03-22T09:13:52","slug":"por-que-es-importante-utilizar-crema-solar-durante-todo-el-ano-y-no-solo-en-verano","status":"publish","type":"post","link":"https:\/\/hcbhospitales.com\/nl\/blog\/por-que-es-importante-utilizar-crema-solar-durante-todo-el-ano-y-no-solo-en-verano\/","title":{"rendered":"\u00bfPor qu\u00e9 es importante utilizar crema solar  durante todo el a\u00f1o y no solo en verano?"},"content":{"rendered":"<p>La protecci\u00f3n solar es una pr\u00e1ctica esencial para la salud de la piel que, err\u00f3neamente, muchas personas asocian exclusivamente con los meses de verano. Sin embargo, la importancia de usar crema solar durante todo el a\u00f1o es un mensaje que los dermat\u00f3logos recuerdan constantemente. En este art\u00edculo te explicamos por qu\u00e9 es de especial relevancia incorporar la protecci\u00f3n solar en nuestra rutina diaria, independientemente de la estaci\u00f3n del a\u00f1o y el calor.<\/p>\n<p>&nbsp;<\/p>\n<h2><strong>Protecci\u00f3n ante los rayos UVA y UVB<\/strong><\/h2>\n<p>La radiaci\u00f3n ultravioleta (UV) del sol se clasifica en dos tipos principales que llegan a la superficie terrestre: UVA y UVB. Los rayos UVA, asociados con el envejecimiento prematuro de la piel, penetran profundamente en la piel y est\u00e1n presentes con igual intensidad durante todo el a\u00f1o. Por otro lado, los rayos UVB, m\u00e1s intensos durante los meses de verano, son principalmente responsables de las quemaduras solares.<\/p>\n<p>Usar crema solar a diario protege contra ambos tipos de radiaci\u00f3n, previniendo el envejecimiento prematuro y el riesgo de quemaduras solares, incluso en d\u00edas nublados.<\/p>\n<p>&nbsp;<\/p>\n<h2><strong>Crema solar para evitar el riesgo del c\u00e1ncer de piel<\/strong><\/h2>\n<p>El c\u00e1ncer de piel es el tipo de c\u00e1ncer m\u00e1s com\u00fan a nivel mundial, y su incidencia sigue aumentando. La exposici\u00f3n acumulativa a la radiaci\u00f3n UV es un factor de riesgo significativo para todos los tipos de c\u00e1ncer de piel, incluidos el melanoma, el carcinoma basocelular y el carcinoma escamocelular.<\/p>\n<p>La aplicaci\u00f3n diaria de crema solar no solo reduce este riesgo sino que tambi\u00e9n puede proteger las \u00e1reas de la piel previamente afectadas por formas de c\u00e1ncer de piel, evitando recurrencias.<\/p>\n<p>&nbsp;<\/p>\n<h2><strong>Protecci\u00f3n m\u00e1s all\u00e1 del verano<\/strong><\/h2>\n<p>Es un error com\u00fan pensar que la protecci\u00f3n solar solo es necesaria en d\u00edas soleados y durante el verano. Sin embargo, hasta el 80% de los rayos UV pueden penetrar a trav\u00e9s de las nubes, lo que significa que la piel est\u00e1 expuesta a la radiaci\u00f3n solar da\u00f1ina incluso en d\u00edas nublados.<\/p>\n<p>Adem\u00e1s, la nieve y el hielo pueden reflejar hasta el 90% de los rayos UV, aumentando significativamente la exposici\u00f3n durante el invierno, especialmente en actividades al aire libre como el esqu\u00ed o la monta\u00f1a.<\/p>\n<p>&nbsp;<\/p>\n<h2><strong>Prevenci\u00f3n del envejecimiento prematuro<\/strong><\/h2>\n<p>La exposici\u00f3n a los rayos UVA contribuye significativamente al envejecimiento prematuro de la piel, manifest\u00e1ndose en forma de arrugas, manchas de la edad y p\u00e9rdida de elasticidad. El uso regular de crema solar ayuda a prevenir estos signos de envejecimiento, manteniendo la piel m\u00e1s joven y saludable durante m\u00e1s tiempo.<\/p>\n<p>&nbsp;<\/p>\n<h2><strong>La latitud y altitud, factores a tener en cuenta<\/strong><\/h2>\n<p>La intensidad de la radiaci\u00f3n UV no depende \u00fanicamente de la temporada, sino tambi\u00e9n de la latitud y la altitud. En latitudes m\u00e1s cercanas al ecuador, la radiaci\u00f3n UV es m\u00e1s intensa durante todo el a\u00f1o.<\/p>\n<p>Asimismo, a mayor altitud, aumenta la intensidad de la radiaci\u00f3n UV. Esto significa que la necesidad de protecci\u00f3n solar es constante, independientemente de la ubicaci\u00f3n geogr\u00e1fica o la \u00e9poca del a\u00f1o.<\/p>\n<p>&nbsp;<\/p>\n<h2><strong>C\u00f3mo usar correctamente la crema solar<\/strong><\/h2>\n<p>La crema solar debe aplicarse generosamente en todas las \u00e1reas expuestas de la piel, incluyendo rostro, cuello, orejas y manos, al menos 30 minutos antes de la exposici\u00f3n solar.<\/p>\n<p>Es necesario recordar la importancia de la reaplicaci\u00f3n de la crema solar cada dos o tres horas y, en caso de haber realizado ejercicio f\u00edsico o darse un ba\u00f1o, inmediatamente despu\u00e9s, ya que ambas actividades pueden provocar la desaparici\u00f3n de la protecci\u00f3n y, por lo tanto, la exposici\u00f3n de la piel a los rayos UVA y\/o UVB.<\/p>\n<p>&nbsp;<\/p>\n<h2><strong>HCB Hospitales, comprometidos con el cuidado de la piel<\/strong><\/h2>\n<p>&nbsp;<\/p>\n<p>El compromiso de HCB Hospitales con el cuidado de la piel es firme. Prueba de ello es la puesta de servicios como el sistema de diagn\u00f3stico dermatol\u00f3gico por imagen, que permite dar soluciones a los principales problemas dermatol\u00f3gicos en menos de 48 horas.<\/p>\n<p>Un servicio que, gracias a tecnolog\u00eda avanzada y de manera presencial en consulta, permite la toma de im\u00e1genes dermatosc\u00f3picas, remiti\u00e9ndolas a nuestros especialistas en Dermatolog\u00eda para que analicen la lesi\u00f3n o lesiones de forma muy precisa y generando un diagn\u00f3stico en menos de 48 horas.<\/p>\n<p>&nbsp;<\/p>\n<h2><strong>Convertir la aplicaci\u00f3n de la crema solar en un h\u00e1bito<\/strong><\/h2>\n<p>La protecci\u00f3n solar es un elemento crucial en el cuidado de la salud de la piel, cuya importancia trasciende las estaciones y las condiciones clim\u00e1ticas. Usar crema solar durante todo el a\u00f1o es una medida preventiva esencial contra el c\u00e1ncer de piel, el envejecimiento prematuro y otros da\u00f1os cut\u00e1neos causados por la radiaci\u00f3n UV. Al adoptar este h\u00e1bito en nuestra rutina diaria, estamos tomando un paso significativo hacia el mantenimiento de una piel saludable y la prevenci\u00f3n de enfermedades a medio y largo plazo.<\/p>\n","protected":false},"excerpt":{"rendered":"<p>La protecci\u00f3n solar es una pr\u00e1ctica esencial para la salud de la piel que, err\u00f3neamente, muchas personas asocian exclusivamente con los meses de verano. Sin embargo, la importancia de usar crema solar durante todo el a\u00f1o es un mensaje que los dermat\u00f3logos recuerdan constantemente. En este art\u00edculo te explicamos por qu\u00e9 es de especial relevancia [&hellip;]<\/p>\n","protected":false},"author":6,"featured_media":23484,"comment_status":"closed","ping_status":"closed","sticky":false,"template":"","format":"standard","meta":{"_acf_changed":false,"footnotes":""},"categories":[57],"tags":[417,66,418],"class_list":["post-23482","post","type-post","status-publish","format-standard","has-post-thumbnail","hentry","category-blog","tag-crema-solar","tag-hcb-hospitales","tag-utilizar-crema-solar"],"acf":[],"_links":{"self":[{"href":"https:\/\/hcbhospitales.com\/nl\/wp-json\/wp\/v2\/posts\/23482","targetHints":{"allow":["GET"]}}],"collection":[{"href":"https:\/\/hcbhospitales.com\/nl\/wp-json\/wp\/v2\/posts"}],"about":[{"href":"https:\/\/hcbhospitales.com\/nl\/wp-json\/wp\/v2\/types\/post"}],"author":[{"embeddable":true,"href":"https:\/\/hcbhospitales.com\/nl\/wp-json\/wp\/v2\/users\/6"}],"replies":[{"embeddable":true,"href":"https:\/\/hcbhospitales.com\/nl\/wp-json\/wp\/v2\/comments?post=23482"}],"version-history":[{"count":0,"href":"https:\/\/hcbhospitales.com\/nl\/wp-json\/wp\/v2\/posts\/23482\/revisions"}],"wp:featuredmedia":[{"embeddable":true,"href":"https:\/\/hcbhospitales.com\/nl\/wp-json\/wp\/v2\/media\/23484"}],"wp:attachment":[{"href":"https:\/\/hcbhospitales.com\/nl\/wp-json\/wp\/v2\/media?parent=23482"}],"wp:term":[{"taxonomy":"category","embeddable":true,"href":"https:\/\/hcbhospitales.com\/nl\/wp-json\/wp\/v2\/categories?post=23482"},{"taxonomy":"post_tag","embeddable":true,"href":"https:\/\/hcbhospitales.com\/nl\/wp-json\/wp\/v2\/tags?post=23482"}],"curies":[{"name":"wp","href":"https:\/\/api.w.org\/{rel}","templated":true}]}}