{"id":6198,"date":"2016-06-21T00:00:00","date_gmt":"2016-06-21T00:00:00","guid":{"rendered":"https:\/\/hcbhospitales.com\/blog\/dra-ana-paz-en-30-anos-el-estilo-de-mando-de-hospital-clinica-benidorm-ha-evolucionado-la-empresa-se-ha-modernizado-pero-el-espiritu-familiar-no-cambiara-nunca\/"},"modified":"2016-06-21T00:00:00","modified_gmt":"2016-06-21T00:00:00","slug":"dra-ana-paz-en-30-anos-el-estilo-de-mando-de-hospital-clinica-benidorm-ha-evolucionado-la-empresa-se-ha-modernizado-pero-el-espiritu-familiar-no-cambiara-nunca","status":"publish","type":"post","link":"https:\/\/hcbhospitales.com\/fr\/blog\/dra-ana-paz-en-30-anos-el-estilo-de-mando-de-hospital-clinica-benidorm-ha-evolucionado-la-empresa-se-ha-modernizado-pero-el-espiritu-familiar-no-cambiara-nunca\/","title":{"rendered":"Dra. Ana Paz: \u201cEn 30 a\u00f1os, el estilo de mando de Hospital Cl\u00ednica Benidorm ha evolucionado, la empresa se ha modernizado, pero el esp\u00edritu familiar no cambiar\u00e1 nunca\u201d"},"content":{"rendered":"<p>Hospital Cl\u00ednica Benidorm ha celebrado su 30 aniversario en una fiesta con m\u00e1s de 600 colaboradores y empleados. El pasado s\u00e1bado se celebr\u00f3 en Iberia Village una jornada que inaugur\u00f3 la Directora General de HCB, la Dra. Ana Paz, y el Alcalde de Benidorm, Antonio P\u00e9rez.<br \/>\nAdem\u00e1s, al evento acudieron el Diputado Provincial Agust\u00edn Navarro, el Director del Grupo Aqualandia, Joaqu\u00edn Varela, representantes de HOSBEC y de los principales grupos hoteleros de la ciudad, as\u00ed como representantes del sector de las aseguradoras de salud y las Mutuas que colaboran con la organizaci\u00f3n.<br \/>\nLa Junta Directiva de Hospital Cl\u00ednica Benidorm y una gran parte de los 400 empleados de HCB disfrutaron de la celebraci\u00f3n junto a sus familias en una jornada con almuerzo, comida, m\u00fasica, piscina y atracciones para los m\u00e1s peque\u00f1os.<br \/>\nLa Directora General de HCB, la Dra. Ana Paz, ha destacado que \u201cen 30 a\u00f1os pasan muchas cosas y se producen muchos cambios, como el cambio de generaci\u00f3n y de mando que ha vivido HCB en los \u00faltimos cinco a\u00f1os. Mi padre, el Dr. Carlos Paz dej\u00f3 un legado maravilloso, un negocio pr\u00f3spero y mucho trabajo por delante. Porque en estos a\u00f1os como Directora General he descubierto como el \u00e9xito y los buenos resultados no se heredan, se consiguen, o no, a base de muchos esfuerzos, personales y colectivos\u201d.<br \/>\nEl Alcalde de Benidorm, Antonio P\u00e9rez, ha se\u00f1alado que \u201cHospital Cl\u00ednica Benidorm no es s\u00f3lo un hospital, es una empresa de referencia de Benidorm, tanto para el turismo como para los ciudadanos de Benidorm. Siempre a la vanguardia de la tecnolog\u00eda, poniendo a nuestro alcance los mejores tratamientos y sobre todo, cuidando de nuestra salud gracias a la calidez y trato humano de sus profesionales\u201d.<br \/>\nLa Dra. Ana Paz ha agradecido a su Junta Directiva y a todo el personal de HCB el trabajo llevado a cabo en la \u00faltima etapa que ha permitido que la marca est\u00e9 posicionada en toda la Costa Blanca gracias a sus centros m\u00e9dicos en Benidorm, Albir, Calpe y Moraira; se est\u00e9 trabajando en un prometedor plan de expansi\u00f3n y crecimiento; HCB sea referente internacional en el Turismo de Salud; sea l\u00edder en tecnolog\u00eda de radiodiagn\u00f3stico; y, sobre todo, que HCB pueda mirar de frente a los grandes grupos que en la actualidad copan el mercado de la sanidad privada en Espa\u00f1a.<br \/>\nHospital Cl\u00ednica Benidorm se encuentra ahora inmerso en la obtenci\u00f3n de un importante certificado de calidad internacional. Adem\u00e1s, el relevo generacional ha llevado a un cambio natural en la gesti\u00f3n y las pol\u00edticas directivas, muy centradas ahora en la calidad y la seguridad del paciente.<br \/>\nPero, como destac\u00f3 la Dra. Paz, \u201cel estilo de mando ha evolucionado, la empresa se ha modernizado, pero el esp\u00edritu familiar no cambiar\u00e1 nunca\u201d.<\/p>\n","protected":false},"excerpt":{"rendered":"<p>Hospital Cl\u00ednica Benidorm ha celebrado su 30 aniversario en una fiesta con m\u00e1s de 600 colaboradores y empleados. El pasado s\u00e1bado se celebr\u00f3 en Iberia Village una jornada que inaugur\u00f3 la Directora General de HCB, la Dra. Ana Paz, y el Alcalde de Benidorm, Antonio P\u00e9rez. Adem\u00e1s, al evento acudieron el Diputado Provincial Agust\u00edn Navarro, [&hellip;]<\/p>\n","protected":false},"author":2,"featured_media":6199,"comment_status":"closed","ping_status":"closed","sticky":false,"template":"","format":"standard","meta":{"_acf_changed":false,"footnotes":""},"categories":[226],"tags":[],"class_list":["post-6198","post","type-post","status-publish","format-standard","has-post-thumbnail","hentry","category-noticias-de"],"acf":[],"_links":{"self":[{"href":"https:\/\/hcbhospitales.com\/fr\/wp-json\/wp\/v2\/posts\/6198","targetHints":{"allow":["GET"]}}],"collection":[{"href":"https:\/\/hcbhospitales.com\/fr\/wp-json\/wp\/v2\/posts"}],"about":[{"href":"https:\/\/hcbhospitales.com\/fr\/wp-json\/wp\/v2\/types\/post"}],"author":[{"embeddable":true,"href":"https:\/\/hcbhospitales.com\/fr\/wp-json\/wp\/v2\/users\/2"}],"replies":[{"embeddable":true,"href":"https:\/\/hcbhospitales.com\/fr\/wp-json\/wp\/v2\/comments?post=6198"}],"version-history":[{"count":0,"href":"https:\/\/hcbhospitales.com\/fr\/wp-json\/wp\/v2\/posts\/6198\/revisions"}],"wp:featuredmedia":[{"embeddable":true,"href":"https:\/\/hcbhospitales.com\/fr\/wp-json\/wp\/v2\/media\/6199"}],"wp:attachment":[{"href":"https:\/\/hcbhospitales.com\/fr\/wp-json\/wp\/v2\/media?parent=6198"}],"wp:term":[{"taxonomy":"category","embeddable":true,"href":"https:\/\/hcbhospitales.com\/fr\/wp-json\/wp\/v2\/categories?post=6198"},{"taxonomy":"post_tag","embeddable":true,"href":"https:\/\/hcbhospitales.com\/fr\/wp-json\/wp\/v2\/tags?post=6198"}],"curies":[{"name":"wp","href":"https:\/\/api.w.org\/{rel}","templated":true}]}}