{"id":21563,"date":"2023-09-20T14:01:57","date_gmt":"2023-09-20T12:01:57","guid":{"rendered":"https:\/\/hcbhospitales.com\/?p=21563"},"modified":"2023-09-20T14:03:31","modified_gmt":"2023-09-20T12:03:31","slug":"hcb-hospitales-renueva-y-amplia-su-servicio-de-psiquiatria-con-nuevas-especialistas-en-benidorm-y-denia","status":"publish","type":"post","link":"https:\/\/hcbhospitales.com\/fr\/blog\/hcb-hospitales-renueva-y-amplia-su-servicio-de-psiquiatria-con-nuevas-especialistas-en-benidorm-y-denia\/","title":{"rendered":"HCB Hospitales renueva y ampl\u00eda su servicio de Psiquiatr\u00eda con nuevas especialistas en Benidorm y D\u00e9nia"},"content":{"rendered":"<p>HCB Hospitales renueva su servicio de Psiquiatr\u00eda con las incorporaciones de la Dra. Elena Ferrer S\u00e1nchez y la Dra. Luz Mar\u00eda Sabater Garc\u00eda. Una apuesta firme por la salud mental en la Marina Alta y la marina Baixa que tiene como objetivo ofrecer una atenci\u00f3n de calidad de la mano de las mejores profesionales del sector en la provincia.<\/p>\n<p><strong>Dra. Elena Ferrer S\u00e1nchez<\/strong><\/p>\n<p>Licenciada en Medicina y Cirug\u00eda, es m\u00e9dico especialista en Psiquiatr\u00eda. Cuenta adem\u00e1s con un M\u00e1ster en Prevenci\u00f3n y Tratamiento de las Conductas Adictivas por la Universidad de Valencia y es Especialista Universitaria en Psiquiatr\u00eda Legal y Forense.<\/p>\n<p>Durante su trayectoria profesional, iniciada en el a\u00f1o 2002, ha sido m\u00e9dico de la Jefatura Superior de Polic\u00eda, ha formado parte de la unidad de hospitalizaci\u00f3n psiqui\u00e1trica y la unidad de salud mental del Hospital Francesc de Borja (Gand\u00eda) y ha trabajado en el equipo del Centro de Salud Mental Pere Bonfill (Valencia), entre otros centros e instituciones sanitarias en las que ha desempe\u00f1ado su labor.<\/p>\n<p>En su nutrida trayectoria suma cerca de sesenta cursos, seminarios y congresos, adem\u00e1s de casi una quincena de posters, publicaciones y otras actividades investigadoras y formativas relacionadas con el \u00e1mbito de la Psiquiatr\u00eda.<\/p>\n<p>La Dra. Elena Ferrer asume el servicio de Psiquiatr\u00eda en el centro hospitalario HCB D\u00e9nia, ampliando e impulsando la protecci\u00f3n de la salud mental en la Marina Alta.<\/p>\n<p><strong>Dra. Luz Mar\u00eda Sabater Garc\u00eda<\/strong><\/p>\n<p>Titulada en Medicina por la Universidad de Murcia, suma un m\u00e1ster en psicoterapias de tercera generaci\u00f3n por la UNIR y un m\u00e1ster en Bio\u00e9tica por la Universidad de Murcia. Tambi\u00e9n ha cursado dos a\u00f1os de formaci\u00f3n en terapia psicodin\u00e1mica en el Centro Psicoanal\u00edtico de Madrid.<\/p>\n<p>En su recorrido profesional destaca su experiencia como Residente de Psiquiatr\u00eda en el Hospital General Universitario Reina Sof\u00eda de Murcia, desde donde ha podido realizar varias estancias formativas, entre ellas en la Unidad de Docencia y Psicoterapia en el Hospital Virgen de las Nieves (Servicio Andaluz de Salud).<\/p>\n<p>Forma parte del equipo del Centro de Salud Mental de Lorca, perteneciente al Servicio Murciano de Salud y compagina su trayectoria profesional con un grado de psicolog\u00eda por la UNED y una formaci\u00f3n en Terapia Focalizada en la Transferencia para Trastorno de Personalidad.<\/p>\n<p>La Dra. Luz Mar\u00eda Sabater Garc\u00eda se incorpora al servicio de Psiquiatr\u00eda de HCB Benidorm, una apuesta firme por la salud mental en la Marina Baja.<\/p>\n","protected":false},"excerpt":{"rendered":"<p>HCB Hospitales renueva su servicio de Psiquiatr\u00eda con las incorporaciones de la Dra. Elena Ferrer S\u00e1nchez y la Dra. Luz Mar\u00eda Sabater Garc\u00eda. Una apuesta firme por la salud mental en la Marina Alta y la marina Baixa que tiene como objetivo ofrecer una atenci\u00f3n de calidad de la mano de las mejores profesionales del [&hellip;]<\/p>\n","protected":false},"author":2,"featured_media":21564,"comment_status":"closed","ping_status":"closed","sticky":false,"template":"","format":"standard","meta":{"_acf_changed":false,"footnotes":""},"categories":[55],"tags":[79,67,359,360],"class_list":["post-21563","post","type-post","status-publish","format-standard","has-post-thumbnail","hentry","category-noticias","tag-hcb-benidorm","tag-hcb-denia","tag-psiquiatria","tag-salud-mental"],"acf":[],"_links":{"self":[{"href":"https:\/\/hcbhospitales.com\/fr\/wp-json\/wp\/v2\/posts\/21563","targetHints":{"allow":["GET"]}}],"collection":[{"href":"https:\/\/hcbhospitales.com\/fr\/wp-json\/wp\/v2\/posts"}],"about":[{"href":"https:\/\/hcbhospitales.com\/fr\/wp-json\/wp\/v2\/types\/post"}],"author":[{"embeddable":true,"href":"https:\/\/hcbhospitales.com\/fr\/wp-json\/wp\/v2\/users\/2"}],"replies":[{"embeddable":true,"href":"https:\/\/hcbhospitales.com\/fr\/wp-json\/wp\/v2\/comments?post=21563"}],"version-history":[{"count":0,"href":"https:\/\/hcbhospitales.com\/fr\/wp-json\/wp\/v2\/posts\/21563\/revisions"}],"wp:featuredmedia":[{"embeddable":true,"href":"https:\/\/hcbhospitales.com\/fr\/wp-json\/wp\/v2\/media\/21564"}],"wp:attachment":[{"href":"https:\/\/hcbhospitales.com\/fr\/wp-json\/wp\/v2\/media?parent=21563"}],"wp:term":[{"taxonomy":"category","embeddable":true,"href":"https:\/\/hcbhospitales.com\/fr\/wp-json\/wp\/v2\/categories?post=21563"},{"taxonomy":"post_tag","embeddable":true,"href":"https:\/\/hcbhospitales.com\/fr\/wp-json\/wp\/v2\/tags?post=21563"}],"curies":[{"name":"wp","href":"https:\/\/api.w.org\/{rel}","templated":true}]}}