{"id":6283,"date":"2019-03-11T00:00:00","date_gmt":"2019-03-11T00:00:00","guid":{"rendered":"https:\/\/hcbhospitales.com\/blog\/hospital-clinica-benidorm-amplia-su-servicio-de-medicina-interna-con-la-incorporacion-de-la-dra-pilar-rey\/"},"modified":"2019-03-11T00:00:00","modified_gmt":"2019-03-11T00:00:00","slug":"hospital-clinica-benidorm-amplia-su-servicio-de-medicina-interna-con-la-incorporacion-de-la-dra-pilar-rey","status":"publish","type":"post","link":"https:\/\/hcbhospitales.com\/en\/blog\/hospital-clinica-benidorm-amplia-su-servicio-de-medicina-interna-con-la-incorporacion-de-la-dra-pilar-rey\/","title":{"rendered":"Hospital Cl\u00ednica Benidorm ampl\u00eda su Servicio de Medicina Interna con la incorporaci\u00f3n de la Dra. Pilar Rey"},"content":{"rendered":"<p>Hospital Cl\u00ednica Benidorm ampl\u00eda su cuadro m\u00e9dico con la incorporaci\u00f3n al equipo m\u00e9dico propio de la Dra. Pilar Rey, especialista en Medicina Interna, que pasa a formar parte del Servicio de Medicina Interna en consulta y hospitalizaci\u00f3n.<\/p>\n<p>La Dra. Pilar Rey es Licenciada en Medicina por la Universidad de Ciencias M\u00e9dicas de La Habana (Cuba) con la especialidad de Medicina Interna en el Servicio de Salud de Castilla y Le\u00f3n, en la provincia de Soria (Espa\u00f1a).<\/p>\n<p>Adem\u00e1s, la Dra. Rey tiene formaci\u00f3n espec\u00edfica en Enfermedades Infecciosas y M\u00e1ster en Patolog\u00eda Tromb\u00f3tica, otorgado por la Universidad de Navarra.<\/p>\n<p>Su carrera profesional se ha desarrollado como M\u00e9dico residente en Medicina Interna en el Hospital Santa B\u00e1rbara, de Soria, y en los \u00faltimos a\u00f1os como M\u00e9dico Adjunto en el Servicio de Medicina Interna del Hospital Marina Salud de Denia.<\/p>\n<p>La Dra. Rey ha participado en congresos nacionales con presentaciones de posters y comunicaciones orales. Cuenta con una formaci\u00f3n continuada sobre el proceso de Donaci\u00f3n y Trasplante, as\u00ed como formaci\u00f3n en Enfermedades Autoinmunes.<\/p>\n<p>El Servicio de Medicina Interna de Hospital Cl\u00ednica Benidorm est\u00e1 formado por el Dr. Jos\u00e9 Ferro, Jefe del servicio, el Dr. Thomas Hoffmann, Dra. Marine Bourguet y la Dra. Pilar Rey.<\/p>\n","protected":false},"excerpt":{"rendered":"<p>Hospital Cl\u00ednica Benidorm ampl\u00eda su cuadro m\u00e9dico con la incorporaci\u00f3n al equipo m\u00e9dico propio de la Dra. Pilar Rey, especialista en Medicina Interna, que pasa a formar parte del Servicio de Medicina Interna en consulta y hospitalizaci\u00f3n. La Dra. Pilar Rey es Licenciada en Medicina por la Universidad de Ciencias M\u00e9dicas de La Habana (Cuba) [&hellip;]<\/p>\n","protected":false},"author":2,"featured_media":6284,"comment_status":"closed","ping_status":"closed","sticky":false,"template":"","format":"standard","meta":{"_acf_changed":false,"footnotes":""},"categories":[295],"tags":[],"class_list":["post-6283","post","type-post","status-publish","format-standard","has-post-thumbnail","hentry","category-noticias-ru"],"acf":[],"_links":{"self":[{"href":"https:\/\/hcbhospitales.com\/en\/wp-json\/wp\/v2\/posts\/6283","targetHints":{"allow":["GET"]}}],"collection":[{"href":"https:\/\/hcbhospitales.com\/en\/wp-json\/wp\/v2\/posts"}],"about":[{"href":"https:\/\/hcbhospitales.com\/en\/wp-json\/wp\/v2\/types\/post"}],"author":[{"embeddable":true,"href":"https:\/\/hcbhospitales.com\/en\/wp-json\/wp\/v2\/users\/2"}],"replies":[{"embeddable":true,"href":"https:\/\/hcbhospitales.com\/en\/wp-json\/wp\/v2\/comments?post=6283"}],"version-history":[{"count":0,"href":"https:\/\/hcbhospitales.com\/en\/wp-json\/wp\/v2\/posts\/6283\/revisions"}],"wp:featuredmedia":[{"embeddable":true,"href":"https:\/\/hcbhospitales.com\/en\/wp-json\/wp\/v2\/media\/6284"}],"wp:attachment":[{"href":"https:\/\/hcbhospitales.com\/en\/wp-json\/wp\/v2\/media?parent=6283"}],"wp:term":[{"taxonomy":"category","embeddable":true,"href":"https:\/\/hcbhospitales.com\/en\/wp-json\/wp\/v2\/categories?post=6283"},{"taxonomy":"post_tag","embeddable":true,"href":"https:\/\/hcbhospitales.com\/en\/wp-json\/wp\/v2\/tags?post=6283"}],"curies":[{"name":"wp","href":"https:\/\/api.w.org\/{rel}","templated":true}]}}