{"id":25584,"date":"2024-06-06T13:19:46","date_gmt":"2024-06-06T11:19:46","guid":{"rendered":"https:\/\/hcbhospitales.com\/?p=25584"},"modified":"2024-06-06T13:19:46","modified_gmt":"2024-06-06T11:19:46","slug":"hcb-benidorm-amplia-su-servicio-de-cirugia-general-con-la-incorporacion-del-dr-alvaro-soler","status":"publish","type":"post","link":"https:\/\/hcbhospitales.com\/en\/blog\/hcb-benidorm-amplia-su-servicio-de-cirugia-general-con-la-incorporacion-del-dr-alvaro-soler\/","title":{"rendered":"HCB Benidorm ampl\u00eda su servicio de Cirug\u00eda General con la incorporaci\u00f3n del Dr. \u00c1lvaro Soler"},"content":{"rendered":"<p><strong>El Dr. Soler se une as\u00ed al equipo de Cirug\u00eda General de HCB Hospitales, capitaneado por el Dr. Antonio Alberola, junto a la Dra. Beatriz Garrido, el Dr. Mart Jan Rongen y el Dr. Pablo Rodr\u00edguez<\/strong><\/p>\n<p>HCB Benidorm incorpora al Servicio de Cirug\u00eda General y Aparato Digestivo al Dr. Alvaro Soler Silva, ampliando el equipo con un nuevo cirujano para consultas, quir\u00f3fanos y hospitalizaci\u00f3n. Adem\u00e1s, el Dr. Soler se unir\u00e1 al Dr. Antonio Alberola en la Unidad de Obesidad de HCB Hospitales.<\/p>\n<p>El Dr. \u00c1lvaro Soler es Graduado en Medicina en la Universidad de Murcia y especialista en Cirug\u00eda General y del Aparato Digestivo por el Hospital General Universitario de Elche. Adem\u00e1s, el Dr. Soler es M\u00e1ster Universitario en Investigaci\u00f3n Cl\u00ednica y Quir\u00fargica de la Universidad Miguel Hern\u00e1ndez de Elche y Doctorado en Ciencia m\u00e9dicas y quir\u00fargicas por la Universidad Miguel Hern\u00e1ndez de Elche.<\/p>\n<p>Su experiencia profesional se ha desarrollado durante su residencia en el Hospital General Universitario de Elche, en el Servicio de Cirug\u00eda General y del Aparato Digestivo; y en una estancia en la Unidad de Cirug\u00eda Bari\u00e1trica y Metab\u00f3lica de la CLINICA LAS CONDES-Camilo Boza de Santiago de Chile, en Chile.<\/p>\n<p>Ha participado en Proyectos de I+D+I; cerca de 30 Publicaciones, documentos cient\u00edficos y t\u00e9cnicos relacionados con la cirug\u00eda, y tambi\u00e9n con el COVID durante los a\u00f1os de la pandemia; destaca su amplia colaboraci\u00f3n en m\u00e1s de 50 trabajos presentados en congresos nacionales o internacionales; as\u00ed como su participaci\u00f3n en comit\u00e9s cient\u00edficos.<\/p>\n<p>Por otro lado, el Dr. \u00c1lvaro Soler cuenta con m\u00e9ritos destacables como sus seis premios a \u201cmejor p\u00f3ster\u201d y \u201cmejor comunicaci\u00f3n oral\u201d en congresos nacionales e internacionales. Y, el premio a mejor residente en el Hospital General Universitario de Elche. Igualmente, hay que se\u00f1alar las becas que ha ganado durante su formaci\u00f3n:<\/p>\n<ul>\n<li>Beca para m\u00e9dicos en formaci\u00f3n MIR 2021 (Colegio Oficial de M\u00e9dicos).<\/li>\n<li>Beca para residentes de 4\u00ba y 5\u00ba a\u00f1o en estancias formativas en el extranjero 2021.<\/li>\n<li>Beca Medtronic SVC 2022.<\/li>\n<li>Beca PIEU UMH 2022 para innovaci\u00f3n tecnol\u00f3gica con el desarrollo de un rectoscopio digital.<\/li>\n<\/ul>\n<p>El Dr. Soler se une as\u00ed al equipo de Cirug\u00eda General de HCB Hospitales, capitaneado por el Dr. Antonio Alberola, junto a la Dra. Beatriz Garrido, el Dr. Mart Jan Rongen y el Dr. Pablo Rodr\u00edguez.<\/p>\n","protected":false},"excerpt":{"rendered":"<p>El Dr. Soler se une as\u00ed al equipo de Cirug\u00eda General de HCB Hospitales, capitaneado por el Dr. Antonio Alberola, junto a la Dra. Beatriz Garrido, el Dr. Mart Jan Rongen y el Dr. Pablo Rodr\u00edguez HCB Benidorm incorpora al Servicio de Cirug\u00eda General y Aparato Digestivo al Dr. Alvaro Soler Silva, ampliando el equipo [&hellip;]<\/p>\n","protected":false},"author":2,"featured_media":25585,"comment_status":"closed","ping_status":"closed","sticky":false,"template":"","format":"standard","meta":{"_acf_changed":false,"footnotes":""},"categories":[55],"tags":[443,170,445,444],"class_list":["post-25584","post","type-post","status-publish","format-standard","has-post-thumbnail","hentry","category-noticias","tag-aparato-digestivo","tag-cirugia-general","tag-dr-soler","tag-unidad-obesidad"],"acf":[],"_links":{"self":[{"href":"https:\/\/hcbhospitales.com\/en\/wp-json\/wp\/v2\/posts\/25584","targetHints":{"allow":["GET"]}}],"collection":[{"href":"https:\/\/hcbhospitales.com\/en\/wp-json\/wp\/v2\/posts"}],"about":[{"href":"https:\/\/hcbhospitales.com\/en\/wp-json\/wp\/v2\/types\/post"}],"author":[{"embeddable":true,"href":"https:\/\/hcbhospitales.com\/en\/wp-json\/wp\/v2\/users\/2"}],"replies":[{"embeddable":true,"href":"https:\/\/hcbhospitales.com\/en\/wp-json\/wp\/v2\/comments?post=25584"}],"version-history":[{"count":0,"href":"https:\/\/hcbhospitales.com\/en\/wp-json\/wp\/v2\/posts\/25584\/revisions"}],"wp:featuredmedia":[{"embeddable":true,"href":"https:\/\/hcbhospitales.com\/en\/wp-json\/wp\/v2\/media\/25585"}],"wp:attachment":[{"href":"https:\/\/hcbhospitales.com\/en\/wp-json\/wp\/v2\/media?parent=25584"}],"wp:term":[{"taxonomy":"category","embeddable":true,"href":"https:\/\/hcbhospitales.com\/en\/wp-json\/wp\/v2\/categories?post=25584"},{"taxonomy":"post_tag","embeddable":true,"href":"https:\/\/hcbhospitales.com\/en\/wp-json\/wp\/v2\/tags?post=25584"}],"curies":[{"name":"wp","href":"https:\/\/api.w.org\/{rel}","templated":true}]}}