{"id":17769,"date":"2022-09-21T17:28:24","date_gmt":"2022-09-21T15:28:24","guid":{"rendered":"https:\/\/hcbhospitales.com\/?p=17769"},"modified":"2022-09-21T17:28:24","modified_gmt":"2022-09-21T15:28:24","slug":"alzheimer-sintomas-tratamiento-patologia","status":"publish","type":"post","link":"https:\/\/hcbhospitales.com\/en\/blog\/alzheimer-sintomas-tratamiento-patologia\/","title":{"rendered":"Alzheimer: s\u00edntomas y tratamiento de una de las patolog\u00edas m\u00e1s comunes en la vejez"},"content":{"rendered":"<p>El alzh\u00e9imer es una de las patolog\u00edas m\u00e1s comunes en la tercera edad. Se estima que<strong> entre el 5% y el 10% de la poblaci\u00f3n con m\u00e1s de 65 a\u00f1os sufren este trastorno<\/strong>. Adem\u00e1s, su prevalencia o n\u00famero de casos han tendido a incrementarse con el paso de los a\u00f1os, por lo que cada vez es m\u00e1s frecuente encontrar alg\u00fan conocido o familiar que lo padezca. En este sentido, esta enfermedad tiene un gran impacto sobre la calidad de vida de la persona y sobre las relaciones familiares, por lo que <strong>conocer de antemano cu\u00e1les son los s\u00edntomas y tratamiento del Alzheimer<\/strong> ser\u00e1 clave para saber lidiar con \u00e9l de la mejor forma posible.<\/p>\n<h2>Alzheimer: definici\u00f3n y causas<\/h2>\n<p>El Alzheimer es un tipo de <strong>demencia progresiva<\/strong> caracterizada por la degeneraci\u00f3n de las c\u00e9lulas nerviosas del cerebro y por estar asociada a una disminuci\u00f3n de la masa cerebral. La persona que lo padece sufre diferentes s\u00edntomas neurodegenerativos que se traducen en una alteraci\u00f3n de su funcionamiento diario. Es decir, la p\u00e9rdida progresiva de funciones cognitivas l<strong>leva a que la persona sea cada vez menos independiente en sus actividades del d\u00eda a d\u00eda.<\/strong><\/p>\n<p>Esta enfermedad se caracteriza por hacer que el cerebro se atrofie y encoja, causando una muerte neuronal. Este proceso tiene como resultado un <strong>deterioro paulatino del pensamiento, el comportamiento y las habilidades sociales.<\/strong><\/p>\n<h3>\u00a0\u00bfCu\u00e1les son las causas del Alzheimer?<\/h3>\n<p>Respecto a las causas de la demencia tipo Alzheimer, siguen siendo desconocidas en su totalidad, aunque <a href=\"https:\/\/www.researchgate.net\/profile\/Nuria-Seto-Salvia\/publication\/42390807_Genetics_of_Alzheimer's_disease\/links\/0046352e6690ac5e05000000\/Genetics-of-Alzheimers-disease.pdf\">muchos estudios<\/a> indican un fuerte componente gen\u00e9tico. As\u00ed mismo, <a href=\"https:\/\/www.medigraphic.com\/cgi-bin\/new\/resumen.cgi?IDARTICULO=90881\">diversos estudios<\/a> tambi\u00e9n sostienen la existencia de algunos factores ambientales de riesgo en el desarrollo de esta enfermedad.<\/p>\n<p>Entre ellos, podemos encontrar:<\/p>\n<ul>\n<li>Tabaquismo.<\/li>\n<li>Adicci\u00f3n al alcohol.<\/li>\n<li>Obesidad.<\/li>\n<li>Depresi\u00f3n.<\/li>\n<li>Baja reserva cognitiva, es decir, baja capacidad del cerebro para hacer frente a los cambios producidos por la demencia.<\/li>\n<li>Padecer diabetes mellitus.<\/li>\n<\/ul>\n<p>Es por ello que, contar con unos buenos h\u00e1bitos de vida, tales como evitar el sedentarismo o mantener una buena alimentaci\u00f3n, <strong>podr\u00e1n servir como factor de protecci\u00f3n frente al desarrollo del Alzheimer.<\/strong><\/p>\n<h2>\u00bfCu\u00e1les son los principales s\u00edntomas y tratamientos del Alzheimer?<\/h2>\n<h3>S\u00edntomas del Alzheimer: m\u00e1s all\u00e1 de la p\u00e9rdida de memoria<\/h3>\n<p>Entre los s\u00edntomas m\u00e1s caracter\u00edsticos del Alzheimer podemos encontrar la p\u00e9rdida de memoria. En las primeras etapas, esta enfermedad suele manifestarse como la<strong> dificultad para recordar eventos o conversaciones que hayan pasado hace relativamente poco tiempo<\/strong>. Ello, sumado a las dificultades para organizar los pensamientos, hacen que la persona que lo padece sea consciente de que est\u00e1 experimentando un problema. No obstante, habitualmente son los familiares los que m\u00e1s conscientes son del problema y los que dan la voz de alarma.<\/p>\n<p>A nivel de memoria, esta suele<strong> perderse de manera progresiva y de delante a atr\u00e1s<\/strong>, olvidando primero los eventos m\u00e1s recientes. Como primeros signos podemos encontrar:<\/p>\n<ul>\n<li>Repetir preguntas o afirmaciones varias veces.<\/li>\n<li>Colocar objetos en lugares incorrectos o muy desubicados.<\/li>\n<li>Perderse en lugares conocidos.<\/li>\n<li>Tener problemas para expresar ideas y para nombrar objetos o a familiares.<\/li>\n<\/ul>\n<p>As\u00ed mismo, otros aspectos como la <strong>capacidad de concentraci\u00f3n<\/strong>, tomar decisiones en base a razonamientos b\u00e1sicos o realizar sus actividades cotidianas, tambi\u00e9n se ver\u00e1n afectados.<\/p>\n<p>Por \u00faltimo,<strong> la personalidad tambi\u00e9n ser\u00e1 otra \u00e1rea que se ver\u00e1 fuertemente influida por la enfermedad<\/strong>, afectando al estado de \u00e1nimo y causando cambios en el humor de la persona, que podr\u00e1n ir desde la depresi\u00f3n o la apat\u00eda, hasta irritabilidad y la agresividad.<\/p>\n<h3>Tratamientos contra el Alzheimer: \u00bfcu\u00e1les son los m\u00e1s comunes?<\/h3>\n<p>Respecto al tratamiento, lo habitual es <strong>combinar f\u00e1rmacos que retrasen los s\u00edntomas cognitivos<\/strong>, como la p\u00e9rdida de memoria o los cambios de humor, con la <strong>introducci\u00f3n de una rutina bien establecida y la adopci\u00f3n de unas medidas que adapten el entorno a la nueva condici\u00f3n de la persona.<\/strong><\/p>\n<p>En este sentido y, por desgracia, a\u00fan no existe un tratamiento conocido que elimine los s\u00edntomas del Alzheimer, por lo que <strong>el tratamiento estar\u00e1 enfocado en reducir y retrasar los s\u00edntomas lo m\u00e1ximo posible.<\/strong><\/p>\n<h2>Tratamiento frente a los s\u00edntomas del Alzheimer en HCB Hospitales<\/h2>\n<p>Como hemos podido ver, existen muchos tratamientos para tratar de lidiar con los s\u00edntomas del Alzheimer. El primer paso ser\u00e1 consultar a <strong>un especialista que sepa identificarlo en las etapas m\u00e1s tempranas<\/strong> y que logre frenar su avance el mayor tiempo posible a la par que garantiza el mantenimiento de un alto nivel de calidad de vida.<\/p>\n<p>En nuestro caso, contamos con un <a href=\"https:\/\/hcbhospitales.com\/especialidades-medicas\/neurologia\/\">equipo m\u00e9dico especializado<\/a> en neurolog\u00eda, teniendo al frente del servicio al <strong>Dr. Jos\u00e9 Javier Hern\u00e1ndez Mart\u00ednez<\/strong>. Adem\u00e1s de ser un especialista en Neurolog\u00eda, cuenta con a\u00f1os de experiencia en el manejo de patolog\u00edas asociadas como ictus, epilepsia, Parkinson, demencias, patolog\u00edas de base neuromuscular, neuropediatr\u00eda y enfermedades desmielinizantes. Por otro lado, ha patentado varias herramientas de evaluaci\u00f3n neurol\u00f3gicas.<\/p>\n<p>En este sentido, tanto la experiencia de nuestro equipo m\u00e9dico, como la \u00faltima tecnolog\u00eda que tienen a su disposici\u00f3n, permiten <strong>un diagn\u00f3stico precoz para iniciar un tratamiento eficaz y adaptado al paciente lo antes posible.<\/strong><\/p>\n<p>&nbsp;<\/p>\n","protected":false},"excerpt":{"rendered":"<p>El alzh\u00e9imer es una de las patolog\u00edas m\u00e1s comunes en la tercera edad. Se estima que entre el 5% y el 10% de la poblaci\u00f3n con m\u00e1s de 65 a\u00f1os sufren este trastorno. Adem\u00e1s, su prevalencia o n\u00famero de casos han tendido a incrementarse con el paso de los a\u00f1os, por lo que cada vez [&hellip;]<\/p>\n","protected":false},"author":2,"featured_media":17770,"comment_status":"closed","ping_status":"closed","sticky":false,"template":"","format":"standard","meta":{"_acf_changed":false,"footnotes":""},"categories":[57],"tags":[],"class_list":["post-17769","post","type-post","status-publish","format-standard","has-post-thumbnail","hentry","category-blog"],"acf":[],"_links":{"self":[{"href":"https:\/\/hcbhospitales.com\/en\/wp-json\/wp\/v2\/posts\/17769","targetHints":{"allow":["GET"]}}],"collection":[{"href":"https:\/\/hcbhospitales.com\/en\/wp-json\/wp\/v2\/posts"}],"about":[{"href":"https:\/\/hcbhospitales.com\/en\/wp-json\/wp\/v2\/types\/post"}],"author":[{"embeddable":true,"href":"https:\/\/hcbhospitales.com\/en\/wp-json\/wp\/v2\/users\/2"}],"replies":[{"embeddable":true,"href":"https:\/\/hcbhospitales.com\/en\/wp-json\/wp\/v2\/comments?post=17769"}],"version-history":[{"count":0,"href":"https:\/\/hcbhospitales.com\/en\/wp-json\/wp\/v2\/posts\/17769\/revisions"}],"wp:featuredmedia":[{"embeddable":true,"href":"https:\/\/hcbhospitales.com\/en\/wp-json\/wp\/v2\/media\/17770"}],"wp:attachment":[{"href":"https:\/\/hcbhospitales.com\/en\/wp-json\/wp\/v2\/media?parent=17769"}],"wp:term":[{"taxonomy":"category","embeddable":true,"href":"https:\/\/hcbhospitales.com\/en\/wp-json\/wp\/v2\/categories?post=17769"},{"taxonomy":"post_tag","embeddable":true,"href":"https:\/\/hcbhospitales.com\/en\/wp-json\/wp\/v2\/tags?post=17769"}],"curies":[{"name":"wp","href":"https:\/\/api.w.org\/{rel}","templated":true}]}}